{"id":7428,"date":"2025-06-08T12:26:00","date_gmt":"2025-06-08T12:26:00","guid":{"rendered":"https:\/\/dominiquefiat.com\/?p=7428"},"modified":"2025-12-11T17:22:23","modified_gmt":"2025-12-11T17:22:23","slug":"anita-dube-exposition-engagees-a-la-fondation-villa-datris","status":"publish","type":"post","link":"https:\/\/dominiquefiat.com\/en\/anita-dube-exposition-engagees-a-la-fondation-villa-datris\/","title":{"rendered":"Anita Dube \/ Exposition Engag\u00e9es, \u00e0 la Fondation Villa Datris"},"content":{"rendered":"<div class=\"wp-block-image\">\n<figure class=\"aligncenter size-large\"><img loading=\"lazy\" decoding=\"async\" width=\"1024\" height=\"726\" src=\"https:\/\/dominiquefiat.com\/wp-content\/uploads\/2025\/06\/3K4F2434-ARTICLE-1024x726.jpg\" alt=\"\" class=\"wp-image-7225\"\/><\/figure>\n<\/div>\n\n\n<h6 class=\"has-text-align-center wp-block-heading\"><strong>Vue de l\u2019exposition \u00ab Engag\u00e9es \u00bb \u00e0 la Fondation Villa Datris, 2025 - Photo\u00a9Bertrand Michau, ADAGP, Paris - 2025<\/strong><\/h6>\n\n\n\n<div style=\"height:36px\" aria-hidden=\"true\" class=\"wp-block-spacer\"><\/div>\n\n\n\n<h2 class=\"has-text-align-center wp-block-heading\">Anita Dube \/ Exposition <em>Engag\u00e9es, <\/em>\u00e0 la Fondation Villa Datris<\/h2>\n\n\n\n<div style=\"height:39px\" aria-hidden=\"true\" class=\"wp-block-spacer\"><\/div>\n\n\n\n<p class=\"has-text-align-center\">Anita Dube's works are on display at the Villa Datris Foundation as part of the Engag\u00e9es exhibition, alongside 64 female artists from 28 countries, whose creations explore major contemporary issues : feminism, ecology, human rights, the fight against racism, freedom of choice over one's own body, and more. The exhibition highlights the invisibility of women and the persistence of their struggles, reminding us how crucial it is to preserve the rights they have won.<\/p>\n\n\n\n<div class=\"wp-block-group is-content-justification-center is-nowrap is-layout-flex wp-container-core-group-is-layout-94bc23d7 wp-block-group-is-layout-flex\">\n<p class=\"has-text-align-center\">\ud83d\uddd3\ufe0f May 17 - November 2, 2025<\/p>\n\n\n\n<p class=\"has-text-align-center\">\ud83d\udccd Fondation Villa Datris, L'Isle-sur-la-Sorgue<\/p>\n<\/div>\n\n\n\n<div style=\"height:43px\" aria-hidden=\"true\" class=\"wp-block-spacer\"><\/div>\n","protected":false},"excerpt":{"rendered":"<p>Vue de l\u2019exposition \u00ab Engag\u00e9es \u00bb \u00e0 la Fondation Villa Datris, 2025 - Photo\u00a9Bertrand Michau, ADAGP, Paris - 2025 Anita Dube \/ Exposition Engag\u00e9es, \u00e0 la Fondation Villa Datris Anita Dube's works are on display at the Villa Datris Foundation as part of the Engag\u00e9es exhibition, alongside 64 female artists from 28 countries, whose creations [&hellip;]<\/p>\n","protected":false},"author":6,"featured_media":0,"comment_status":"open","ping_status":"open","sticky":false,"template":"","format":"standard","meta":{"footnotes":""},"categories":[13],"tags":[],"class_list":["post-7428","post","type-post","status-publish","format-standard","hentry","category-uncategorized"],"yoast_head":"<!-- This site is optimized with the Yoast SEO plugin v20.4 - https:\/\/yoast.com\/wordpress\/plugins\/seo\/ -->\n<title>Anita Dube \/ Exposition Engag\u00e9es, \u00e0 la Fondation Villa Datris - Dominique Fiat<\/title>\n<meta name=\"robots\" content=\"index, follow, max-snippet:-1, max-image-preview:large, max-video-preview:-1\" \/>\n<link rel=\"canonical\" href=\"https:\/\/dominiquefiat.com\/en\/anita-dube-exposition-engagees-a-la-fondation-villa-datris\/\" \/>\n<meta property=\"og:locale\" content=\"en_US\" \/>\n<meta property=\"og:type\" content=\"article\" \/>\n<meta property=\"og:title\" content=\"Anita Dube \/ Exposition Engag\u00e9es, \u00e0 la Fondation Villa Datris - Dominique Fiat\" \/>\n<meta property=\"og:description\" content=\"Vue de l\u2019exposition \u00ab Engag\u00e9es \u00bb \u00e0 la Fondation Villa Datris, 2025 - Photo\u00a9Bertrand Michau, ADAGP, Paris - 2025 Anita Dube \/ Exposition Engag\u00e9es, \u00e0 la Fondation Villa Datris Anita Dube&#039;s works are on display at the Villa Datris Foundation as part of the Engag\u00e9es exhibition, alongside 64 female artists from 28 countries, whose creations [&hellip;]\" \/>\n<meta property=\"og:url\" content=\"https:\/\/dominiquefiat.com\/en\/anita-dube-exposition-engagees-a-la-fondation-villa-datris\/\" \/>\n<meta property=\"og:site_name\" content=\"Dominique Fiat\" \/>\n<meta property=\"article:publisher\" content=\"https:\/\/www.facebook.com\/galerie.fiat\/\" \/>\n<meta property=\"article:published_time\" content=\"2025-06-08T12:26:00+00:00\" \/>\n<meta property=\"article:modified_time\" content=\"2025-12-11T17:22:23+00:00\" \/>\n<meta property=\"og:image\" content=\"https:\/\/dominiquefiat.com\/wp-content\/uploads\/2025\/06\/3K4F2434-ARTICLE-1024x726.jpg\" \/>\n<meta name=\"author\" content=\"Dominique Fiat - Info\" \/>\n<meta name=\"twitter:card\" content=\"summary_large_image\" \/>\n<meta name=\"twitter:label1\" content=\"Written by\" \/>\n\t<meta name=\"twitter:data1\" content=\"Dominique Fiat - Info\" \/>\n\t<meta name=\"twitter:label2\" content=\"Est. reading time\" \/>\n\t<meta name=\"twitter:data2\" content=\"1 minute\" \/>\n<script type=\"application\/ld+json\" class=\"yoast-schema-graph\">{\"@context\":\"https:\/\/schema.org\",\"@graph\":[{\"@type\":\"Article\",\"@id\":\"https:\/\/dominiquefiat.com\/en\/anita-dube-exposition-engagees-a-la-fondation-villa-datris\/#article\",\"isPartOf\":{\"@id\":\"https:\/\/dominiquefiat.com\/en\/anita-dube-exposition-engagees-a-la-fondation-villa-datris\/\"},\"author\":{\"name\":\"Dominique Fiat - Info\",\"@id\":\"https:\/\/dominiquefiat.com\/#\/schema\/person\/b58398c9a75d4977c1047855400becc9\"},\"headline\":\"Anita Dube \/ Exposition Engag\u00e9es, \u00e0 la Fondation Villa Datris\",\"datePublished\":\"2025-06-08T12:26:00+00:00\",\"dateModified\":\"2025-12-11T17:22:23+00:00\",\"mainEntityOfPage\":{\"@id\":\"https:\/\/dominiquefiat.com\/en\/anita-dube-exposition-engagees-a-la-fondation-villa-datris\/\"},\"wordCount\":117,\"commentCount\":0,\"publisher\":{\"@id\":\"https:\/\/dominiquefiat.com\/#organization\"},\"inLanguage\":\"en-US\",\"potentialAction\":[{\"@type\":\"CommentAction\",\"name\":\"Comment\",\"target\":[\"https:\/\/dominiquefiat.com\/en\/anita-dube-exposition-engagees-a-la-fondation-villa-datris\/#respond\"]}]},{\"@type\":\"WebPage\",\"@id\":\"https:\/\/dominiquefiat.com\/en\/anita-dube-exposition-engagees-a-la-fondation-villa-datris\/\",\"url\":\"https:\/\/dominiquefiat.com\/en\/anita-dube-exposition-engagees-a-la-fondation-villa-datris\/\",\"name\":\"Anita Dube \/ Exposition Engag\u00e9es, \u00e0 la Fondation Villa Datris - Dominique Fiat\",\"isPartOf\":{\"@id\":\"https:\/\/dominiquefiat.com\/#website\"},\"datePublished\":\"2025-06-08T12:26:00+00:00\",\"dateModified\":\"2025-12-11T17:22:23+00:00\",\"breadcrumb\":{\"@id\":\"https:\/\/dominiquefiat.com\/en\/anita-dube-exposition-engagees-a-la-fondation-villa-datris\/#breadcrumb\"},\"inLanguage\":\"en-US\",\"potentialAction\":[{\"@type\":\"ReadAction\",\"target\":[\"https:\/\/dominiquefiat.com\/en\/anita-dube-exposition-engagees-a-la-fondation-villa-datris\/\"]}]},{\"@type\":\"BreadcrumbList\",\"@id\":\"https:\/\/dominiquefiat.com\/en\/anita-dube-exposition-engagees-a-la-fondation-villa-datris\/#breadcrumb\",\"itemListElement\":[{\"@type\":\"ListItem\",\"position\":1,\"name\":\"Accueil\",\"item\":\"https:\/\/dominiquefiat.com\/\"},{\"@type\":\"ListItem\",\"position\":2,\"name\":\"Anita Dube \/ Exposition Engag\u00e9es, \u00e0 la Fondation Villa Datris\"}]},{\"@type\":\"WebSite\",\"@id\":\"https:\/\/dominiquefiat.com\/#website\",\"url\":\"https:\/\/dominiquefiat.com\/\",\"name\":\"Dominique Fiat\",\"description\":\"\",\"publisher\":{\"@id\":\"https:\/\/dominiquefiat.com\/#organization\"},\"potentialAction\":[{\"@type\":\"SearchAction\",\"target\":{\"@type\":\"EntryPoint\",\"urlTemplate\":\"https:\/\/dominiquefiat.com\/?s={search_term_string}\"},\"query-input\":\"required name=search_term_string\"}],\"inLanguage\":\"en-US\"},{\"@type\":\"Organization\",\"@id\":\"https:\/\/dominiquefiat.com\/#organization\",\"name\":\"Dominique Fiat\",\"url\":\"https:\/\/dominiquefiat.com\/\",\"logo\":{\"@type\":\"ImageObject\",\"inLanguage\":\"en-US\",\"@id\":\"https:\/\/dominiquefiat.com\/#\/schema\/logo\/image\/\",\"url\":\"https:\/\/dominiquefiat.com\/wp-content\/uploads\/2021\/06\/logo-1.svg\",\"contentUrl\":\"https:\/\/dominiquefiat.com\/wp-content\/uploads\/2021\/06\/logo-1.svg\",\"width\":1024,\"height\":1024,\"caption\":\"Dominique Fiat\"},\"image\":{\"@id\":\"https:\/\/dominiquefiat.com\/#\/schema\/logo\/image\/\"},\"sameAs\":[\"https:\/\/www.facebook.com\/galerie.fiat\/\",\"https:\/\/www.instagram.com\/dominiquefiat\"]},{\"@type\":\"Person\",\"@id\":\"https:\/\/dominiquefiat.com\/#\/schema\/person\/b58398c9a75d4977c1047855400becc9\",\"name\":\"Dominique Fiat - Info\",\"url\":\"https:\/\/dominiquefiat.com\/en\/author\/d-fiat\/\"}]}<\/script>\n<!-- \/ Yoast SEO plugin. -->","yoast_head_json":{"title":"Anita Dube \/ Exposition Engag\u00e9es, \u00e0 la Fondation Villa Datris - Dominique Fiat","robots":{"index":"index","follow":"follow","max-snippet":"max-snippet:-1","max-image-preview":"max-image-preview:large","max-video-preview":"max-video-preview:-1"},"canonical":"https:\/\/dominiquefiat.com\/en\/anita-dube-exposition-engagees-a-la-fondation-villa-datris\/","og_locale":"en_US","og_type":"article","og_title":"Anita Dube \/ Exposition Engag\u00e9es, \u00e0 la Fondation Villa Datris - Dominique Fiat","og_description":"Vue de l\u2019exposition \u00ab Engag\u00e9es \u00bb \u00e0 la Fondation Villa Datris, 2025 - Photo\u00a9Bertrand Michau, ADAGP, Paris - 2025 Anita Dube \/ Exposition Engag\u00e9es, \u00e0 la Fondation Villa Datris Anita Dube's works are on display at the Villa Datris Foundation as part of the Engag\u00e9es exhibition, alongside 64 female artists from 28 countries, whose creations [&hellip;]","og_url":"https:\/\/dominiquefiat.com\/en\/anita-dube-exposition-engagees-a-la-fondation-villa-datris\/","og_site_name":"Dominique Fiat","article_publisher":"https:\/\/www.facebook.com\/galerie.fiat\/","article_published_time":"2025-06-08T12:26:00+00:00","article_modified_time":"2025-12-11T17:22:23+00:00","og_image":[{"url":"https:\/\/dominiquefiat.com\/wp-content\/uploads\/2025\/06\/3K4F2434-ARTICLE-1024x726.jpg"}],"author":"Dominique Fiat - Info","twitter_card":"summary_large_image","twitter_misc":{"Written by":"Dominique Fiat - Info","Est. reading time":"1 minute"},"schema":{"@context":"https:\/\/schema.org","@graph":[{"@type":"Article","@id":"https:\/\/dominiquefiat.com\/en\/anita-dube-exposition-engagees-a-la-fondation-villa-datris\/#article","isPartOf":{"@id":"https:\/\/dominiquefiat.com\/en\/anita-dube-exposition-engagees-a-la-fondation-villa-datris\/"},"author":{"name":"Dominique Fiat - Info","@id":"https:\/\/dominiquefiat.com\/#\/schema\/person\/b58398c9a75d4977c1047855400becc9"},"headline":"Anita Dube \/ Exposition Engag\u00e9es, \u00e0 la Fondation Villa Datris","datePublished":"2025-06-08T12:26:00+00:00","dateModified":"2025-12-11T17:22:23+00:00","mainEntityOfPage":{"@id":"https:\/\/dominiquefiat.com\/en\/anita-dube-exposition-engagees-a-la-fondation-villa-datris\/"},"wordCount":117,"commentCount":0,"publisher":{"@id":"https:\/\/dominiquefiat.com\/#organization"},"inLanguage":"en-US","potentialAction":[{"@type":"CommentAction","name":"Comment","target":["https:\/\/dominiquefiat.com\/en\/anita-dube-exposition-engagees-a-la-fondation-villa-datris\/#respond"]}]},{"@type":"WebPage","@id":"https:\/\/dominiquefiat.com\/en\/anita-dube-exposition-engagees-a-la-fondation-villa-datris\/","url":"https:\/\/dominiquefiat.com\/en\/anita-dube-exposition-engagees-a-la-fondation-villa-datris\/","name":"Anita Dube \/ Exposition Engag\u00e9es, \u00e0 la Fondation Villa Datris - Dominique Fiat","isPartOf":{"@id":"https:\/\/dominiquefiat.com\/#website"},"datePublished":"2025-06-08T12:26:00+00:00","dateModified":"2025-12-11T17:22:23+00:00","breadcrumb":{"@id":"https:\/\/dominiquefiat.com\/en\/anita-dube-exposition-engagees-a-la-fondation-villa-datris\/#breadcrumb"},"inLanguage":"en-US","potentialAction":[{"@type":"ReadAction","target":["https:\/\/dominiquefiat.com\/en\/anita-dube-exposition-engagees-a-la-fondation-villa-datris\/"]}]},{"@type":"BreadcrumbList","@id":"https:\/\/dominiquefiat.com\/en\/anita-dube-exposition-engagees-a-la-fondation-villa-datris\/#breadcrumb","itemListElement":[{"@type":"ListItem","position":1,"name":"Accueil","item":"https:\/\/dominiquefiat.com\/"},{"@type":"ListItem","position":2,"name":"Anita Dube \/ Exposition Engag\u00e9es, \u00e0 la Fondation Villa Datris"}]},{"@type":"WebSite","@id":"https:\/\/dominiquefiat.com\/#website","url":"https:\/\/dominiquefiat.com\/","name":"Dominique Fiat","description":"","publisher":{"@id":"https:\/\/dominiquefiat.com\/#organization"},"potentialAction":[{"@type":"SearchAction","target":{"@type":"EntryPoint","urlTemplate":"https:\/\/dominiquefiat.com\/?s={search_term_string}"},"query-input":"required name=search_term_string"}],"inLanguage":"en-US"},{"@type":"Organization","@id":"https:\/\/dominiquefiat.com\/#organization","name":"Dominique Fiat","url":"https:\/\/dominiquefiat.com\/","logo":{"@type":"ImageObject","inLanguage":"en-US","@id":"https:\/\/dominiquefiat.com\/#\/schema\/logo\/image\/","url":"https:\/\/dominiquefiat.com\/wp-content\/uploads\/2021\/06\/logo-1.svg","contentUrl":"https:\/\/dominiquefiat.com\/wp-content\/uploads\/2021\/06\/logo-1.svg","width":1024,"height":1024,"caption":"Dominique Fiat"},"image":{"@id":"https:\/\/dominiquefiat.com\/#\/schema\/logo\/image\/"},"sameAs":["https:\/\/www.facebook.com\/galerie.fiat\/","https:\/\/www.instagram.com\/dominiquefiat"]},{"@type":"Person","@id":"https:\/\/dominiquefiat.com\/#\/schema\/person\/b58398c9a75d4977c1047855400becc9","name":"Dominique Fiat - Info","url":"https:\/\/dominiquefiat.com\/en\/author\/d-fiat\/"}]}},"_links":{"self":[{"href":"https:\/\/dominiquefiat.com\/en\/wp-json\/wp\/v2\/posts\/7428","targetHints":{"allow":["GET"]}}],"collection":[{"href":"https:\/\/dominiquefiat.com\/en\/wp-json\/wp\/v2\/posts"}],"about":[{"href":"https:\/\/dominiquefiat.com\/en\/wp-json\/wp\/v2\/types\/post"}],"author":[{"embeddable":true,"href":"https:\/\/dominiquefiat.com\/en\/wp-json\/wp\/v2\/users\/6"}],"replies":[{"embeddable":true,"href":"https:\/\/dominiquefiat.com\/en\/wp-json\/wp\/v2\/comments?post=7428"}],"version-history":[{"count":2,"href":"https:\/\/dominiquefiat.com\/en\/wp-json\/wp\/v2\/posts\/7428\/revisions"}],"predecessor-version":[{"id":7430,"href":"https:\/\/dominiquefiat.com\/en\/wp-json\/wp\/v2\/posts\/7428\/revisions\/7430"}],"wp:attachment":[{"href":"https:\/\/dominiquefiat.com\/en\/wp-json\/wp\/v2\/media?parent=7428"}],"wp:term":[{"taxonomy":"category","embeddable":true,"href":"https:\/\/dominiquefiat.com\/en\/wp-json\/wp\/v2\/categories?post=7428"},{"taxonomy":"post_tag","embeddable":true,"href":"https:\/\/dominiquefiat.com\/en\/wp-json\/wp\/v2\/tags?post=7428"}],"curies":[{"name":"wp","href":"https:\/\/api.w.org\/{rel}","templated":true}]}}